{"id":1009,"date":"2019-11-07T09:17:00","date_gmt":"2019-11-07T08:17:00","guid":{"rendered":"https:\/\/oja.at\/blog\/?p=1009"},"modified":"2022-01-14T09:19:56","modified_gmt":"2022-01-14T08:19:56","slug":"ultra-breitband-internet-fuer-die-htl","status":"publish","type":"post","link":"https:\/\/oja.at\/blog\/ultra-breitband-internet-fuer-die-htl\/","title":{"rendered":"Ultra Breitband Internet f\u00fcr die HTL"},"content":{"rendered":"\t\t<div data-elementor-type=\"wp-post\" data-elementor-id=\"1009\" class=\"elementor elementor-1009\" data-elementor-settings=\"[]\">\n\t\t\t\t\t\t\t<div class=\"elementor-section-wrap\">\n\t\t\t\t\t\t\t<section class=\"elementor-section elementor-top-section elementor-element elementor-element-c50dc39 elementor-section-boxed elementor-section-height-default elementor-section-height-default\" data-id=\"c50dc39\" data-element_type=\"section\">\n\t\t\t\t\t\t<div class=\"elementor-container elementor-column-gap-default\">\n\t\t\t\t\t<div class=\"elementor-column elementor-col-100 elementor-top-column elementor-element elementor-element-4d063f60\" data-id=\"4d063f60\" data-element_type=\"column\">\n\t\t\t<div class=\"elementor-widget-wrap elementor-element-populated\">\n\t\t\t\t\t\t\t\t<div class=\"elementor-element elementor-element-392b17b0 elementor-widget elementor-widget-text-editor\" data-id=\"392b17b0\" data-element_type=\"widget\" data-widget_type=\"text-editor.default\">\n\t\t\t\t<div class=\"elementor-widget-container\">\n\t\t\t<style>\/*! elementor - v3.5.0 - 12-12-2021 *\/\n.elementor-widget-text-editor.elementor-drop-cap-view-stacked .elementor-drop-cap{background-color:#818a91;color:#fff}.elementor-widget-text-editor.elementor-drop-cap-view-framed .elementor-drop-cap{color:#818a91;border:3px solid;background-color:transparent}.elementor-widget-text-editor:not(.elementor-drop-cap-view-default) .elementor-drop-cap{margin-top:8px}.elementor-widget-text-editor:not(.elementor-drop-cap-view-default) .elementor-drop-cap-letter{width:1em;height:1em}.elementor-widget-text-editor .elementor-drop-cap{float:left;text-align:center;line-height:1;font-size:50px}.elementor-widget-text-editor .elementor-drop-cap-letter{display:inline-block}<\/style>\t\t\t\t<p><!-- wp:paragraph --><\/p>\n<div class=\"section mcb-section mcb-section-q2dzomgf3\">\n<div class=\"section_wrapper mcb-section-inner\">\n<div class=\"wrap mcb-wrap mcb-wrap-ndk60nlh5 one valign-top clearfix\">\n<div class=\"mcb-wrap-inner\">\n<div class=\"column mcb-column mcb-item-0x0ww7360 two-third column_column\">\n<div class=\"column_attr clearfix\">\n<div class=\"section mcb-section mcb-section-q2dzomgf3\">\n<div class=\"section_wrapper mcb-section-inner\">\n<div class=\"wrap mcb-wrap mcb-wrap-ndk60nlh5 one  valign-top clearfix\">\n<div class=\"mcb-wrap-inner\">\n<div class=\"column mcb-column mcb-item-0x0ww7360 two-third column_column\">\n<div class=\"column_attr clearfix\">\n<div class=\"column mcb-column mcb-item-0x0ww7360 one-third column_column\">\n<div class=\"column_attr clearfix\">\n<div class=\"wrap mcb-wrap mcb-wrap-ndk60nlh5 one  valign-top clearfix\">\n<div class=\"mcb-wrap-inner\">\n<div class=\"column mcb-column mcb-item-0x0ww7360 two-third column_column\">\n<div class=\"column_attr clearfix\"><b>Das Ziel besteht darin, die HTL M\u00f6ssingerstra\u00dfe mit einer einzigartig hohen Bandbreite von 50 GBit\/s symmetrisch an den Hauptknotenpunkt der KELAG am Arnulfplatz in Klagenfurt heranzufu\u0308hren und daru\u0308ber hinaus an das globale Datennetz anzudocken. Am Knotenpunkt befinden sich internationale Weitverkehrsverbindungen, das Glasfasernetz von oja, der AAIX Internet Exchange sowie ein \u201ehochbandbreitiger\u201c \u00dcbergang zu den Infrastrukturen der Netze bei den Stadtwerken Klagenfurt in der Gabelsbergerstra\u00dfe.<\/b><\/div>\n<div>\u00a0<\/div>\n<\/div>\n<\/div>\n<\/div>\n<div class=\"wrap mcb-wrap mcb-wrap-aqi8vlvv0 one  valign-top clearfix\">\n<div class=\"mcb-wrap-inner\">\n<div class=\"column mcb-column mcb-item-hyge2179l one-sixth column_placeholder\">\n<div class=\"column mcb-column mcb-item-i7e3cdn7a one-third column_column\">\n<div class=\"column_attr clearfix\">Eine Schulanbindung mit einer Bandbreite von 50 GBit\/s ist \u00f6sterreichweit einzigartig und setzt damit neue Ma\u00dfst\u00e4be, auch wenn der reale Bedarf heute noch nicht wirklich abrufbar ist. Es soll aber den steigenden Bedarf und die moderne Ausrichtung der HTL M\u00f6ssingerstra\u00dfe unterstreichen und zur Attraktivit\u00e4t von Schule und Standort beitragen. Das Projekt konnte natu\u0308rlich nur durch die Mitwirkung und das Sponsoring von K\u00e4rntner Wirtschaftspartnern realisiert werden. Bedanken m\u00f6chten wir uns vor allem bei den Stadtwerken Klagenfurt, die Firmen oja.at, ip-it consult und AMAnetworRX. Die Kosten unserer L\u00f6sung liegen weit unter den aktuellen Marktpreisen.<\/div>\n<div>\u00a0<\/div>\n<\/div>\n<div class=\"column mcb-column mcb-item-r7smue412 one-third column_column\">\n<div class=\"wrap mcb-wrap mcb-wrap-aqi8vlvv0 one  valign-top clearfix\">\n<div class=\"mcb-wrap-inner\">\n<div class=\"column mcb-column mcb-item-r7smue412 one-third column_column\">\n<div class=\"column_attr clearfix\">Die Stadtwerke Klagenfurt stellen uns eine sogenannte \u201edark fiber\u201c zwischen der HTL M\u00f6ssingerstra\u00dfe und den Hauptknotenpunkt am Arnulfplatz zur Verfu\u0308gung. \u00dcber diese Strecke wird ein passives WDMA-System mit fu\u0308nf parallelen Kan\u00e4len mit jeweils 10 GBit\/s betrieben. Das System und alle Komponenten sind dabei bis auf maximal 18 Kan\u00e4le erweiterbar. Ein Kanal wird aktuell fu\u0308r die Verbindung zu unserem Internetprovider oja. at verwendet, mit den restlichen 40 GBit\/s werden der AAIX Internet Exchange Klagenfurt und auch die Firma ip-it consult angeschaltet, die daru\u0308ber Inhalte fu\u0308r den Unterricht sowie Infrastruktur fu\u0308r Netzwerktests zur Verfu\u0308gung stellen werden.<\/div>\n<\/div>\n<\/div>\n<\/div>\n<div class=\"wrap mcb-wrap mcb-wrap-oqot4rkdk one  valign-top clearfix\">\n<div class=\"mcb-wrap-inner\">\n<div class=\"column mcb-column mcb-item-h02pi70tm one-sixth column_placeholder\">\u00a0<\/div>\n<\/div>\n<\/div>\n<\/div>\n<\/div>\n<\/div>\n<\/div>\n<\/div>\n<\/div>\n<\/div>\n<\/div>\n<\/div>\n<\/div>\n<\/div>\n<\/div>\n<\/div>\n<\/div>\n<\/div>\n<\/div>\n<\/div>\n<\/div>\n<p><!-- \/wp:paragraph --><\/p>\t\t\t\t\t\t<\/div>\n\t\t\t\t<\/div>\n\t\t\t\t\t<\/div>\n\t\t<\/div>\n\t\t\t\t\t\t\t<\/div>\n\t\t<\/section>\n\t\t\t\t<section class=\"elementor-section elementor-top-section elementor-element elementor-element-ad4eb73 elementor-section-boxed elementor-section-height-default elementor-section-height-default\" data-id=\"ad4eb73\" data-element_type=\"section\">\n\t\t\t\t\t\t<div class=\"elementor-container elementor-column-gap-default\">\n\t\t\t\t\t<div class=\"elementor-column elementor-col-100 elementor-top-column elementor-element elementor-element-5d47db0\" data-id=\"5d47db0\" data-element_type=\"column\">\n\t\t\t<div class=\"elementor-widget-wrap elementor-element-populated\">\n\t\t\t\t\t\t\t\t<div class=\"elementor-element elementor-element-37a88c3 elementor-widget elementor-widget-button\" data-id=\"37a88c3\" data-element_type=\"widget\" data-widget_type=\"button.default\">\n\t\t\t\t<div class=\"elementor-widget-container\">\n\t\t\t\t\t<div class=\"elementor-button-wrapper\">\n\t\t\t<a href=\"https:\/\/www.oja.at\/wp-content\/uploads\/2019\/08\/JB-2019-web-62-1.pdf\" class=\"elementor-button-link elementor-button elementor-size-sm\" role=\"button\">\n\t\t\t\t\t\t<span class=\"elementor-button-content-wrapper\">\n\t\t\t\t\t\t<span class=\"elementor-button-text\">Original Artikel - Lebensraum Schule<\/span>\n\t\t<\/span>\n\t\t\t\t\t<\/a>\n\t\t<\/div>\n\t\t\t\t<\/div>\n\t\t\t\t<\/div>\n\t\t\t\t\t<\/div>\n\t\t<\/div>\n\t\t\t\t\t\t\t<\/div>\n\t\t<\/section>\n\t\t\t\t\t\t<\/div>\n\t\t\t\t\t<\/div>\n\t\t","protected":false},"excerpt":{"rendered":"<p>Das Ziel besteht darin, die HTL M\u00f6ssingerstra\u00dfe mit einer einzigartig hohen Bandbreite von 50 GBit\/s symmetrisch an den Hauptknotenpunkt der KELAG am Arnulfplatz in Klagenfurt heranzufu\u0308hren und daru\u0308ber hinaus an das globale Datennetz anzudocken. Am Knotenpunkt befinden sich internationale Weitverkehrsverbindungen, das Glasfasernetz von oja, der AAIX Internet Exchange sowie ein \u201ehochbandbreitiger\u201c \u00dcbergang zu den Infrastrukturen der Netze bei den Stadtwerken &hellip;<\/p>\n","protected":false},"author":1,"featured_media":1010,"comment_status":"closed","ping_status":"open","sticky":false,"template":"","format":"standard","meta":{"footnotes":""},"categories":[1],"tags":[42,64,40,65,31],"class_list":["post-1009","post","type-post","status-publish","format-standard","has-post-thumbnail","hentry","category-allgemein","tag-breitband","tag-htl","tag-internet","tag-moessingerstrasse","tag-oja-at"],"_links":{"self":[{"href":"https:\/\/oja.at\/blog\/wp-json\/wp\/v2\/posts\/1009","targetHints":{"allow":["GET"]}}],"collection":[{"href":"https:\/\/oja.at\/blog\/wp-json\/wp\/v2\/posts"}],"about":[{"href":"https:\/\/oja.at\/blog\/wp-json\/wp\/v2\/types\/post"}],"author":[{"embeddable":true,"href":"https:\/\/oja.at\/blog\/wp-json\/wp\/v2\/users\/1"}],"replies":[{"embeddable":true,"href":"https:\/\/oja.at\/blog\/wp-json\/wp\/v2\/comments?post=1009"}],"version-history":[{"count":4,"href":"https:\/\/oja.at\/blog\/wp-json\/wp\/v2\/posts\/1009\/revisions"}],"predecessor-version":[{"id":1014,"href":"https:\/\/oja.at\/blog\/wp-json\/wp\/v2\/posts\/1009\/revisions\/1014"}],"wp:featuredmedia":[{"embeddable":true,"href":"https:\/\/oja.at\/blog\/wp-json\/wp\/v2\/media\/1010"}],"wp:attachment":[{"href":"https:\/\/oja.at\/blog\/wp-json\/wp\/v2\/media?parent=1009"}],"wp:term":[{"taxonomy":"category","embeddable":true,"href":"https:\/\/oja.at\/blog\/wp-json\/wp\/v2\/categories?post=1009"},{"taxonomy":"post_tag","embeddable":true,"href":"https:\/\/oja.at\/blog\/wp-json\/wp\/v2\/tags?post=1009"}],"curies":[{"name":"wp","href":"https:\/\/api.w.org\/{rel}","templated":true}]}}