{"id":904,"date":"2021-01-12T13:43:00","date_gmt":"2021-01-12T12:43:00","guid":{"rendered":"https:\/\/oja.at\/blog\/?p=904"},"modified":"2022-01-10T13:45:56","modified_gmt":"2022-01-10T12:45:56","slug":"internet-mit-lichtgeschwindigkeit-fuer-die-marktgemeinde-poggersdorf","status":"publish","type":"post","link":"https:\/\/oja.at\/blog\/internet-mit-lichtgeschwindigkeit-fuer-die-marktgemeinde-poggersdorf\/","title":{"rendered":"Internet mit Lichtgeschwindigkeit f\u00fcr die Marktgemeinde Poggersdorf"},"content":{"rendered":"\t\t<div data-elementor-type=\"wp-post\" data-elementor-id=\"904\" class=\"elementor elementor-904\" data-elementor-settings=\"[]\">\n\t\t\t\t\t\t\t<div class=\"elementor-section-wrap\">\n\t\t\t\t\t\t\t<section class=\"elementor-section elementor-top-section elementor-element elementor-element-c50dc39 elementor-section-boxed elementor-section-height-default elementor-section-height-default\" data-id=\"c50dc39\" data-element_type=\"section\">\n\t\t\t\t\t\t<div class=\"elementor-container elementor-column-gap-default\">\n\t\t\t\t\t<div class=\"elementor-column elementor-col-100 elementor-top-column elementor-element elementor-element-4d063f60\" data-id=\"4d063f60\" data-element_type=\"column\">\n\t\t\t<div class=\"elementor-widget-wrap elementor-element-populated\">\n\t\t\t\t\t\t\t\t<div class=\"elementor-element elementor-element-392b17b0 elementor-widget elementor-widget-text-editor\" data-id=\"392b17b0\" data-element_type=\"widget\" data-widget_type=\"text-editor.default\">\n\t\t\t\t<div class=\"elementor-widget-container\">\n\t\t\t<style>\/*! elementor - v3.5.0 - 12-12-2021 *\/\n.elementor-widget-text-editor.elementor-drop-cap-view-stacked .elementor-drop-cap{background-color:#818a91;color:#fff}.elementor-widget-text-editor.elementor-drop-cap-view-framed .elementor-drop-cap{color:#818a91;border:3px solid;background-color:transparent}.elementor-widget-text-editor:not(.elementor-drop-cap-view-default) .elementor-drop-cap{margin-top:8px}.elementor-widget-text-editor:not(.elementor-drop-cap-view-default) .elementor-drop-cap-letter{width:1em;height:1em}.elementor-widget-text-editor .elementor-drop-cap{float:left;text-align:center;line-height:1;font-size:50px}.elementor-widget-text-editor .elementor-drop-cap-letter{display:inline-block}<\/style>\t\t\t\t<p><!-- wp:paragraph --><\/p>\n<p><strong>Das Jahr 2020 stand Corona bedingt ganz im Zeichen von erh\u00f6htem Bandbreitenbedarf unserer Privat- und Businesskunden. Um diese Herausforderungen rund um Homeoffice und Distance Learning meistern zu k\u00f6nnen, haben wir rechtzeitig reagiert und erweitern unser Netz st\u00e4ndig, um diesen Anspr\u00fcchen gerecht zu werden.<\/strong><\/p>\n<p>Eines dieser zukunftsweisenden Projekte ist die Inbetriebnahme des Glasfasernetzes in der Gemeinde Poggersdorf, welches in Zusammenarbeit mit den Stadtwerken Klagenfurt im letzten Jahr errichtet wurde. Mit Bandbreiten von 100 Mbit\/s bis zu einem Gigabit im Up- und Download ist das blitzschnelle Abrufen aller Internetdienste garantiert.<\/p>\n<p>Das Leitungsnetz umfasst derzeit 35 Kilometer und wird laufend erweitert, um nach und nach alle 24 Nachbargemeinden anbinden zu k\u00f6nnen.<\/p>\n<p><!-- \/wp:paragraph --><\/p>\t\t\t\t\t\t<\/div>\n\t\t\t\t<\/div>\n\t\t\t\t<div class=\"elementor-element elementor-element-4c51b8e elementor-widget elementor-widget-image\" data-id=\"4c51b8e\" data-element_type=\"widget\" data-widget_type=\"image.default\">\n\t\t\t\t<div class=\"elementor-widget-container\">\n\t\t\t<style>\/*! elementor - v3.5.0 - 12-12-2021 *\/\n.elementor-widget-image{text-align:center}.elementor-widget-image a{display:inline-block}.elementor-widget-image a img[src$=\".svg\"]{width:48px}.elementor-widget-image img{vertical-align:middle;display:inline-block}<\/style>\t\t\t\t\t\t\t\t\t\t\t\t<img loading=\"lazy\" decoding=\"async\" width=\"960\" height=\"512\" src=\"https:\/\/oja.at\/blog\/wp-content\/uploads\/2021\/01\/unnamed.jpg\" class=\"attachment-large size-large\" alt=\"\" \/>\t\t\t\t\t\t\t\t\t\t\t\t\t\t\t<\/div>\n\t\t\t\t<\/div>\n\t\t\t\t\t<\/div>\n\t\t<\/div>\n\t\t\t\t\t\t\t<\/div>\n\t\t<\/section>\n\t\t\t\t\t\t<\/div>\n\t\t\t\t\t<\/div>\n\t\t","protected":false},"excerpt":{"rendered":"<p>Das Jahr 2020 stand Corona bedingt ganz im Zeichen von erh\u00f6htem Bandbreitenbedarf unserer Privat- und Businesskunden. Um diese Herausforderungen rund um Homeoffice und Distance Learning meistern zu k\u00f6nnen, haben wir rechtzeitig reagiert und erweitern unser Netz st\u00e4ndig, um diesen Anspr\u00fcchen gerecht zu werden. Eines dieser zukunftsweisenden Projekte ist die Inbetriebnahme des Glasfasernetzes in der Gemeinde Poggersdorf, welches in Zusammenarbeit mit &hellip;<\/p>\n","protected":false},"author":1,"featured_media":905,"comment_status":"closed","ping_status":"open","sticky":false,"template":"","format":"standard","meta":{"footnotes":""},"categories":[1,43],"tags":[41,48,40,31,49],"class_list":["post-904","post","type-post","status-publish","format-standard","has-post-thumbnail","hentry","category-allgemein","category-internet","tag-dsl","tag-glasfaser","tag-internet","tag-oja-at","tag-poggersdorf"],"_links":{"self":[{"href":"https:\/\/oja.at\/blog\/wp-json\/wp\/v2\/posts\/904","targetHints":{"allow":["GET"]}}],"collection":[{"href":"https:\/\/oja.at\/blog\/wp-json\/wp\/v2\/posts"}],"about":[{"href":"https:\/\/oja.at\/blog\/wp-json\/wp\/v2\/types\/post"}],"author":[{"embeddable":true,"href":"https:\/\/oja.at\/blog\/wp-json\/wp\/v2\/users\/1"}],"replies":[{"embeddable":true,"href":"https:\/\/oja.at\/blog\/wp-json\/wp\/v2\/comments?post=904"}],"version-history":[{"count":4,"href":"https:\/\/oja.at\/blog\/wp-json\/wp\/v2\/posts\/904\/revisions"}],"predecessor-version":[{"id":911,"href":"https:\/\/oja.at\/blog\/wp-json\/wp\/v2\/posts\/904\/revisions\/911"}],"wp:featuredmedia":[{"embeddable":true,"href":"https:\/\/oja.at\/blog\/wp-json\/wp\/v2\/media\/905"}],"wp:attachment":[{"href":"https:\/\/oja.at\/blog\/wp-json\/wp\/v2\/media?parent=904"}],"wp:term":[{"taxonomy":"category","embeddable":true,"href":"https:\/\/oja.at\/blog\/wp-json\/wp\/v2\/categories?post=904"},{"taxonomy":"post_tag","embeddable":true,"href":"https:\/\/oja.at\/blog\/wp-json\/wp\/v2\/tags?post=904"}],"curies":[{"name":"wp","href":"https:\/\/api.w.org\/{rel}","templated":true}]}}